{"id":198,"date":"2026-08-29T00:56:07","date_gmt":"2026-08-29T00:56:07","guid":{"rendered":"https:\/\/elayacuchano.com\/?p=198"},"modified":"2026-08-29T00:56:07","modified_gmt":"2026-08-29T00:56:07","slug":"legisladora-delkys-bastidas-de-palau","status":"publish","type":"post","link":"https:\/\/elayacuchano.com\/index.php\/2026\/08\/29\/legisladora-delkys-bastidas-de-palau\/","title":{"rendered":"Legisladora Delkys Bastidas de Palau"},"content":{"rendered":"\n<p class=\"wp-block-paragraph\"><strong>Proyecto de ley de Divisi\u00f3n Pol\u00edtico<\/strong> <strong>Territorial del estado Amazonas<\/strong> <strong>tiene muchos adversarios<\/strong><\/p>\n\n\n\n<p class=\"wp-block-paragraph\">Por Nelson Ventura. CNP 26.471<\/p>\n\n\n\n<p class=\"wp-block-paragraph\">Rossana Foresto. CNP 26.472<\/p>\n\n\n\n<p class=\"wp-block-paragraph\">Puerto Ayacucho&nbsp; 31 de julio de 2026<\/p>\n\n\n\n<p class=\"wp-block-paragraph\">La Organizaci\u00f3n de los Pueblos Ind\u00edgenas de Amazonas (ORPIA), entidad no gubernamental en un trabajo acompa\u00f1ado por otras organizaciones que alcanzan la representaci\u00f3n de base de los 21 pueblos ind\u00edgenas presentaron un Proyecto de Ley de Divisi\u00f3n Pol\u00edtico Territorial del estado Ind\u00edgena de Amazonas, ante el Consejo legislativo del estado Ind\u00edgena de Amazonas este 16 de julio.<\/p>\n\n\n\n<p class=\"wp-block-paragraph\">El proyecto tiene car\u00e1cter in\u00e9dito, por el contenido de sus 55 art\u00edculos, que trata diversas materias, dejando en gran parte de lado los objetos del proyecto que se\u00f1ala como la divisi\u00f3n pol\u00edtico territorial y la ordenaci\u00f3n territorial<\/p>\n\n\n\n<p class=\"wp-block-paragraph\">Es importante recordar que la divisi\u00f3n pol\u00edtico territorial es una materia que se inicia en el texto Constitucional Nacional, actualmente vigente desde 1999, que nos divide es estados, municipios, distritos y parroquias, as\u00ed como se establece los territorios federales, las zonas insulares, zona econ\u00f3mica exclusiva que forman parte de esa materia entre otras-<\/p>\n\n\n\n<p class=\"wp-block-paragraph\">En el caso concreto del estado Amazonas la divisi\u00f3n pol\u00edtica territorial se encuentra en un estado de suspensi\u00f3n por parte del Tribunal Supremo de Justicia, que debe dirimirse en primer termino. La ley de Divisi\u00f3n Pol\u00edtica Territorial sancionada en 1994, frente al argumento de la falta de consultas fue o anulada&nbsp; o suspendida en 1996 por el Tribunal Supremo de Justicia, que orden\u00f3 lo conducente; no obstante es la ley vigente, con la que se ha administrado el estado Amazonas con sus siete Municipios.<\/p>\n\n\n\n<p class=\"wp-block-paragraph\">El proyecto de ley presentado, aparte de no fijar criterios sobre lo anterior, incurre en un sinn\u00famero de faltas a la t\u00e9cnica legislativa, as\u00ed como transgrede claras disposiciones constitucionales y legales vigentes, invade \u00e1reas program\u00e1ticas de leyes nacionales como la Ley org\u00e1nica del Poder Publico Municipal, la Ley de Participaci\u00f3n Ciudadana, de Partidos Pol\u00edticos, y normas de derechos civiles y pol\u00edticas fundamentales<\/p>\n\n\n\n<p class=\"wp-block-paragraph\">El proyecto concibe diversas materias que lo hacen incongruente, entre ellas trata la validaci\u00f3n de la cartograf\u00eda sagrada vinculante, la creaci\u00f3n de un consejo intercultural de ordenaci\u00f3n del territorio y un sinn\u00famero de criterios expuestos sobre la ordenaci\u00f3n del territorio, violando las disposiciones de la ley nacional que rige la materia de ordenaci\u00f3n.<\/p>\n\n\n\n<p class=\"wp-block-paragraph\">En materia propiamente dicha de divisi\u00f3n territorial, sustituye la delimitaci\u00f3n estrictamente geom\u00e9trica u occidental por criterios socio ambientales (Articulo 7 par\u00e1grafo tercero)<\/p>\n\n\n\n<p class=\"wp-block-paragraph\">En su articulo 33&nbsp; reconoce la obligaci\u00f3n de integrar cinco municipios, a saber:<\/p>\n\n\n\n<p class=\"wp-block-paragraph\">1 Municipio Ind\u00edgena Yanomami.<\/p>\n\n\n\n<p class=\"wp-block-paragraph\">2. Municipio Ind\u00edgena Camun\u00f1awaana noi noi (Ye&#8217;kwana).<\/p>\n\n\n\n<p class=\"wp-block-paragraph\">3. Municipios Parhue\u00f1a y Platanillal.<\/p>\n\n\n\n<p class=\"wp-block-paragraph\">4. Municipio del Pueblo Maco Babalame.<\/p>\n\n\n\n<p class=\"wp-block-paragraph\">El proyecto de ley invade&nbsp; diversas tem\u00e1ticas y materias tratadas en leyes nacionales vigentes y totalmente contrarias a la Constituci\u00f3n de 1999 vigente, tales como la auto demarcaci\u00f3n, la autodeterminaci\u00f3n.<\/p>\n\n\n\n<p class=\"wp-block-paragraph\">El proyecto plantea en su articulo 2 el cambio del nombre del estado Amazonas a \u201cEstado Ind\u00edgena de Amazonas, multi\u00e9tnico y pluricultural\u201d<\/p>\n\n\n\n<p class=\"wp-block-paragraph\">Invade competencias de la Ley Org\u00e1nica de los Pueblos y Comunidades Ind\u00edgenas (LOPCI)&nbsp; en sus art\u00edculos 5 y 6, Viola normas de la Ley Org\u00e1nica del Poder Publico Municipal, de la Ley de demarcaci\u00f3n de Tierras y Habitas ind\u00edgenas.<\/p>\n\n\n\n<p class=\"wp-block-paragraph\">Esta es una materia pendiente, en el estado, no solo para la poblaci\u00f3n ind\u00edgena, sino para todos. Es una oportunidad para que \u00e9ste Consejo Legislativo tome las decisiones pol\u00edticas pertinentes y corrija todo el andamiaje inconstitucional que adolece el proyecto de ley presentado por la ORPIA<\/p>\n\n\n\n<p class=\"wp-block-paragraph\">La diputada regional Delkys Bastidas de Palau presidenta del Consejo legislativo del estado Ind\u00edgena de Amazonas, en sus palabras al momento de recibir el Proyecto de Ley, argument\u00f3&nbsp; que no es f\u00e1cil, que es una deuda hist\u00f3rica que se tiene con los pueblos ind\u00edgenas. Es una ley que tiene much\u00edsimos adversarios, dijo en su breve alocuci\u00f3n.<\/p>\n\n\n\n<p class=\"wp-block-paragraph\"><\/p>\n","protected":false},"excerpt":{"rendered":"<p>Proyecto de ley de Divisi\u00f3n Pol\u00edtico Territorial del estado Amazonas tiene muchos adversarios Por Nelson Ventura. CNP 26.471 Rossana Foresto. CNP 26.472 Puerto Ayacucho&nbsp; 31 de julio de 2026 La&hellip;<\/p>\n","protected":false},"author":2,"featured_media":0,"comment_status":"open","ping_status":"open","sticky":false,"template":"","format":"standard","meta":{"footnotes":""},"categories":[1],"tags":[],"class_list":["post-198","post","type-post","status-publish","format-standard","hentry","category-uncategorized"],"_links":{"self":[{"href":"https:\/\/elayacuchano.com\/index.php\/wp-json\/wp\/v2\/posts\/198","targetHints":{"allow":["GET"]}}],"collection":[{"href":"https:\/\/elayacuchano.com\/index.php\/wp-json\/wp\/v2\/posts"}],"about":[{"href":"https:\/\/elayacuchano.com\/index.php\/wp-json\/wp\/v2\/types\/post"}],"author":[{"embeddable":true,"href":"https:\/\/elayacuchano.com\/index.php\/wp-json\/wp\/v2\/users\/2"}],"replies":[{"embeddable":true,"href":"https:\/\/elayacuchano.com\/index.php\/wp-json\/wp\/v2\/comments?post=198"}],"version-history":[{"count":1,"href":"https:\/\/elayacuchano.com\/index.php\/wp-json\/wp\/v2\/posts\/198\/revisions"}],"predecessor-version":[{"id":200,"href":"https:\/\/elayacuchano.com\/index.php\/wp-json\/wp\/v2\/posts\/198\/revisions\/200"}],"wp:attachment":[{"href":"https:\/\/elayacuchano.com\/index.php\/wp-json\/wp\/v2\/media?parent=198"}],"wp:term":[{"taxonomy":"category","embeddable":true,"href":"https:\/\/elayacuchano.com\/index.php\/wp-json\/wp\/v2\/categories?post=198"},{"taxonomy":"post_tag","embeddable":true,"href":"https:\/\/elayacuchano.com\/index.php\/wp-json\/wp\/v2\/tags?post=198"}],"curies":[{"name":"wp","href":"https:\/\/api.w.org\/{rel}","templated":true}]}}